{"id":48620,"date":"2026-08-31T11:13:30","date_gmt":"2026-08-31T09:13:30","guid":{"rendered":"https:\/\/www.144.ch\/statement-des-ivr-zur-neuregelung-der-nothilfekurse\/"},"modified":"2026-08-31T14:02:34","modified_gmt":"2026-08-31T12:02:34","slug":"statement-des-ivr-zur-neuregelung-der-nothilfekurse","status":"publish","type":"post","link":"https:\/\/www.144.ch\/fr\/statement-des-ivr-zur-neuregelung-der-nothilfekurse\/","title":{"rendered":"D\u00e9claration de l\u2019IAS concernant la r\u00e9vision des cours de premiers secours pour l\u2019obtention du permis de conduire"},"content":{"rendered":"<p><strong>D\u00e9claration de l\u2019IAS concernant la r\u00e9vision des cours de premiers secours permis de conduire<\/strong><\/p>\n<p>L\u2019Interassociation de Sauvetage (IAS) salue le fait que l\u2019Office f\u00e9d\u00e9ral des routes (OFROU), en collaboration avec l\u2019Association des services des automobiles (asa), proc\u00e8de \u00e0 une refonte fondamentale du syst\u00e8me d\u2019assurance qualit\u00e9, des bases de formation ainsi que du contenu des cours de premiers secours destin\u00e9s aux candidats au permis de conduire (CPS).<\/p>\n<p>Du point de vue de l\u2019IAS, une telle r\u00e9vision est n\u00e9cessaire. Les documents et prescriptions actuellement en vigueur sont d\u00e9pass\u00e9s et ne correspondent plus, dans plusieurs domaines, \u00e0 l\u2019\u00e9tat actuel des connaissances professionnelles, scientifiques et m\u00e9thodologiques-p\u00e9dagogiques. Une assurance qualit\u00e9 moderne et harmonis\u00e9e \u00e0 l\u2019\u00e9chelle suisse, ainsi que des contenus de formation fond\u00e9s sur des bases scientifiques, sont donc \u00e9galement dans l\u2019int\u00e9r\u00eat de l\u2019IAS.<\/p>\n<p><strong>Clarification concernant l\u2019implication ant\u00e9rieure de l\u2019IAS<\/strong><\/p>\n<p>\u00c0 la suite de certaines d\u00e9clarations formul\u00e9es lors de la s\u00e9ance d\u2019information organis\u00e9e par l\u2019OFROU et l\u2019asa le 26 ao\u00fbt 2026 \u00e0 Berne, l\u2019IAS souhaite apporter une clarification importante :<\/p>\n<p>Depuis 2021, l\u2019IAS n\u2019a jamais refus\u00e9 un mandat visant \u00e0 d\u00e9velopper un nouveau syst\u00e8me d\u2019assurance qualit\u00e9, ni une r\u00e9vision ou une d\u00e9finition des contenus des cours.<\/p>\n<p>Au contraire, en mars 2024, l\u2019IAS a soumis \u00e0 l\u2019OFROU un concept d\u00e9taill\u00e9 servant de base de discussion. Celui-ci pr\u00e9sentait des fondements et des structures possibles pour une future assurance qualit\u00e9 ainsi que pour le d\u00e9veloppement de la formation aux premiers secours.<\/p>\n<p>Apr\u00e8s de premiers \u00e9changes, les discussions n\u2019ont toutefois pas \u00e9t\u00e9 poursuivies dans l\u2019imm\u00e9diat par l\u2019OFROU. Le 24 f\u00e9vrier 2025, l\u2019IAS a ensuite re\u00e7u une d\u00e9cision n\u00e9gative, sans justification compl\u00e9mentaire.<\/p>\n<p>L\u2019impression donn\u00e9e lors de la s\u00e9ance d\u2019information, selon laquelle l\u2019IAS aurait refus\u00e9 un mandat correspondant, ou une participation \u00e0 une future solution, ou encore n\u2019aurait pas \u00e9t\u00e9 dispos\u00e9e \u00e0 collaborer, ne correspond pas, selon l\u2019IAS, au d\u00e9roulement r\u00e9el des faits.<\/p>\n<p><strong>Nouvelle collaboration technique en 2026<\/strong><\/p>\n<p>Malgr\u00e9 cette d\u00e9cision, l\u2019IAS a continu\u00e9 \u00e0 mettre son expertise \u00e0 disposition.<\/p>\n<p>\u00c0 la demande de l\u2019OFROU, l\u2019IAS a \u00e9labor\u00e9, en collaboration avec d\u2019autres experts du domaine et avec la participation de la Coordination Premiers Secours Suisse (CPSS)*, une proposition portant sur les futures directives de qualit\u00e9 et les contenus de formation du cours de premiers secours. Celle-ci a \u00e9t\u00e9 remise \u00e0 l\u2019OFROU le 29 juin 2026.<\/p>\n<p>Selon l\u2019IAS, cette proposition constituait une base technique largement soutenue pour le d\u00e9veloppement conjoint de l\u2019assurance qualit\u00e9 et des contenus de formation. Le groupe d\u2019experts a \u00e9galement pris position le 5 ao\u00fbt 2026 sur un projet ult\u00e9rieur de l\u2019OFROU.<\/p>\n<p>Apr\u00e8s examen des projets actuellement pr\u00e9sent\u00e9s par l\u2019OFROU et l\u2019asa, le groupe d\u2019experts concern\u00e9 est toutefois arriv\u00e9 \u00e0 la conclusion que plusieurs pr\u00e9occupations et recommandations essentielles n\u2019ont pas \u00e9t\u00e9 prises en compte, ou seulement de mani\u00e8re insuffisante. Le groupe d\u2019experts a donc pris ses distances par rapport aux projets actuels et les a jug\u00e9s inacceptables dans leur forme actuelle.<\/p>\n<p>Cette \u00e9valuation ne vise pas la r\u00e9vision en tant que telle, mais certains aspects essentiels de sa conception actuelle. Selon l\u2019IAS, il est indispensable de garantir que les futures prescriptions soient compr\u00e9hensibles sur le plan technique, fond\u00e9es scientifiquement, coh\u00e9rentes et viables \u00e0 long terme.<\/p>\n<p><strong>Une formation aux premiers secours moderne et fond\u00e9e sur des bases scientifiques<\/strong><\/p>\n<p>L\u2019IAS se consid\u00e8re comme un organisme d\u2019expertise et reste dispos\u00e9e \u00e0 apporter sa contribution constructive \u00e0 ce processus.<\/p>\n<p>L\u2019IAS est toujours pr\u00eate \u00e0 collaborer avec l\u2019OFROU, l\u2019asa et d\u2019autres organismes sp\u00e9cialis\u00e9s concern\u00e9s afin d\u2019\u00e9laborer des contenus de formation scientifiquement fond\u00e9s ainsi qu\u2019un standard de qualit\u00e9 transparent pour les cours de premiers secours.<\/p>\n<p>Les futurs contenus de formation devront s\u2019appuyer sur les connaissances scientifiques nationales et internationales les plus r\u00e9centes ainsi que sur des standards professionnels reconnus. Il est tout aussi important de d\u00e9finir clairement les exigences professionnelles et m\u00e9thodologiques-p\u00e9dagogiques applicables aux formateurs, ainsi que les conditions n\u00e9cessaires au maintien de leurs qualifications.<\/p>\n<p>Selon l\u2019IAS, les structures existantes et \u00e9prouv\u00e9es ainsi que les comp\u00e9tences d\u00e9j\u00e0 disponibles devraient \u00eatre int\u00e9gr\u00e9es de mani\u00e8re pertinente et d\u00e9velopp\u00e9es au sein d\u2019un syst\u00e8me global coh\u00e9rent pour la formation aux premiers secours en Suisse.<\/p>\n<p><strong>Calendrier et mise en \u0153uvre<\/strong><\/p>\n<p>Outre les questions techniques, la question du calendrier de mise en \u0153uvre se pose \u00e9galement. L\u2019entr\u00e9e en vigueur des nouvelles prescriptions est actuellement pr\u00e9vue pour le 1er janvier 2027.<\/p>\n<p>L\u2019IAS n\u2019est pas directement concern\u00e9e par les adaptations op\u00e9rationnelles que devront effectuer les diff\u00e9rentes organisations de formation. Toutefois, elle estime que le calendrier pr\u00e9vu repr\u00e9sente un d\u00e9fi consid\u00e9rable pour de nombreuses organisations concern\u00e9es et appara\u00eet par cons\u00e9quent tr\u00e8s ambitieux.<\/p>\n<p>L\u2019introduction d\u2019un nouveau syst\u00e8me d\u2019assurance qualit\u00e9 ne concerne pas uniquement les processus administratifs, mais implique \u00e9galement, entre autres, l\u2019adaptation des concepts de cours, des supports p\u00e9dagogiques, des pr\u00e9sentations et des proc\u00e9dures internes, ainsi que l\u2019information et la formation des formateurs et, le cas \u00e9ch\u00e9ant, l\u2019actualisation ou le renouvellement de leurs attestations de comp\u00e9tences.<\/p>\n<p>L\u2019IAS estime d\u00e8s lors indispensable de pr\u00e9voir une p\u00e9riode de transition ad\u00e9quate et clairement r\u00e9glement\u00e9e.<\/p>\n<p><strong>Position de l\u2019IAS<\/strong><\/p>\n<p>En r\u00e9sum\u00e9, l\u2019IAS consid\u00e8re que la modernisation du cours de premiers secours, poursuivie depuis longtemps, est n\u00e9cessaire et continue \u00e0 s\u2019engager en faveur de sa mise en \u0153uvre. Selon elle, il est essentiel que les futures prescriptions soient scientifiquement et techniquement fond\u00e9es, proches de la pratique et applicables dans toute la Suisse.<\/p>\n<p>L\u2019IAS reste \u00e0 la disposition de l\u2019OFROU et de l\u2019asa en tant que partenaire sp\u00e9cialis\u00e9. Gr\u00e2ce \u00e0 son vaste r\u00e9seau professionnel et \u00e0 sa longue exp\u00e9rience dans le domaine de l\u2019assurance qualit\u00e9, elle estime important que les futures prescriptions soient \u00e0 la fois fond\u00e9es scientifiquement, orient\u00e9es vers la pratique et applicables dans l\u2019ensemble du pays.<\/p>\n<p>L\u2019objectif doit \u00eatre de disposer d\u2019un cours de premiers secours moderne, s\u2019int\u00e9grant de mani\u00e8re coh\u00e9rente aux structures existantes des premiers secours et de la r\u00e9animation en Suisse.<\/p>\n<p><strong>*CPSS : Coordination Premiers Secours Suisse<\/strong><\/p>\n<p>La Coordination Premiers Secours Suisse (CPSS) est un organe interinstitutionnel charg\u00e9 de coordonner et de d\u00e9velopper les premiers secours en Suisse. Son groupe central r\u00e9unit des organisations et institutions nationales \u00e0 but non lucratif actives dans le domaine des premiers secours. Son objectif est de promouvoir la collaboration et les \u00e9changes professionnels, de coordonner les int\u00e9r\u00eats communs et de soutenir la qualit\u00e9 ainsi que le d\u00e9veloppement continu des premiers secours en Suisse.<\/p>\n","protected":false},"excerpt":{"rendered":"<p>D\u00e9claration de l\u2019IAS concernant la r\u00e9vision des cours de premiers secours permis de conduire L\u2019Interassociation de Sauvetage (IAS) salue le fait que l\u2019Office f\u00e9d\u00e9ral des routes (OFROU), en collaboration avec l\u2019Association des services des automobiles (asa), proc\u00e8de \u00e0 une refonte fondamentale du syst\u00e8me d\u2019assurance qualit\u00e9, des bases de formation ainsi que du contenu des cours [&hellip;]<\/p>\n","protected":false},"author":8,"featured_media":25723,"comment_status":"closed","ping_status":"closed","sticky":false,"template":"","format":"standard","meta":{"_acf_changed":false,"_seopress_titles_title":"","_seopress_titles_desc":"","_seopress_robots_index":"","_seopress_robots_follow":"","_seopress_robots_imageindex":"","_seopress_robots_snippet":"","_seopress_robots_primary_cat":"","_seopress_robots_breadcrumbs":"","_seopress_robots_freeze_modified_date":"","_seopress_robots_custom_modified_date":"","_seopress_robots_canonical":"","_seopress_social_fb_title":"","_seopress_social_fb_desc":"","_seopress_social_fb_img":"","_seopress_social_fb_img_attachment_id":0,"_seopress_social_fb_img_width":0,"_seopress_social_fb_img_height":0,"_seopress_social_twitter_title":"","_seopress_social_twitter_desc":"","_seopress_social_twitter_img":"","_seopress_social_twitter_img_attachment_id":0,"_seopress_social_twitter_img_width":0,"_seopress_social_twitter_img_height":0,"_seopress_redirections_value":"","_seopress_redirections_enabled":"","_seopress_redirections_enabled_regex":"","_seopress_redirections_logged_status":"","_seopress_redirections_param":"","_seopress_redirections_type":0,"_seopress_analysis_target_kw":"","footnotes":""},"categories":[65],"tags":[],"post_folder":[],"class_list":["post-48620","post","type-post","status-publish","format-standard","has-post-thumbnail","hentry","category-news"],"acf":[],"_links":{"self":[{"href":"https:\/\/www.144.ch\/fr\/wp-json\/wp\/v2\/posts\/48620","targetHints":{"allow":["GET"]}}],"collection":[{"href":"https:\/\/www.144.ch\/fr\/wp-json\/wp\/v2\/posts"}],"about":[{"href":"https:\/\/www.144.ch\/fr\/wp-json\/wp\/v2\/types\/post"}],"author":[{"embeddable":true,"href":"https:\/\/www.144.ch\/fr\/wp-json\/wp\/v2\/users\/8"}],"replies":[{"embeddable":true,"href":"https:\/\/www.144.ch\/fr\/wp-json\/wp\/v2\/comments?post=48620"}],"version-history":[{"count":2,"href":"https:\/\/www.144.ch\/fr\/wp-json\/wp\/v2\/posts\/48620\/revisions"}],"predecessor-version":[{"id":48631,"href":"https:\/\/www.144.ch\/fr\/wp-json\/wp\/v2\/posts\/48620\/revisions\/48631"}],"wp:featuredmedia":[{"embeddable":true,"href":"https:\/\/www.144.ch\/fr\/wp-json\/wp\/v2\/media\/25723"}],"wp:attachment":[{"href":"https:\/\/www.144.ch\/fr\/wp-json\/wp\/v2\/media?parent=48620"}],"wp:term":[{"taxonomy":"category","embeddable":true,"href":"https:\/\/www.144.ch\/fr\/wp-json\/wp\/v2\/categories?post=48620"},{"taxonomy":"post_tag","embeddable":true,"href":"https:\/\/www.144.ch\/fr\/wp-json\/wp\/v2\/tags?post=48620"},{"taxonomy":"post_folder","embeddable":true,"href":"https:\/\/www.144.ch\/fr\/wp-json\/wp\/v2\/post_folder?post=48620"}],"curies":[{"name":"wp","href":"https:\/\/api.w.org\/{rel}","templated":true}]}}