{"id":37854,"date":"2023-11-14T14:36:52","date_gmt":"2023-11-14T13:36:52","guid":{"rendered":"https:\/\/www.144.ch\/visionen-entlang-der-rettungskette-inputs-aus-dem-netzwerktreffen-vom-12-mai-2023\/"},"modified":"2023-11-14T16:31:03","modified_gmt":"2023-11-14T15:31:03","slug":"visionen-entlang-der-rettungskette-inputs-aus-dem-netzwerktreffen-vom-12-mai-2023","status":"publish","type":"post","link":"https:\/\/www.144.ch\/fr\/visionen-entlang-der-rettungskette-inputs-aus-dem-netzwerktreffen-vom-12-mai-2023\/","title":{"rendered":"\u00abVisions\u00bb tout au long de la cha\u00eene de sauvetage &#8211; Inputs de la r\u00e9union de r\u00e9seau du 12 mai 2023"},"content":{"rendered":"<p>Les membres du Comit\u00e9 IAS ont commenc\u00e9 \u00e0 travailler sur une conception du syst\u00e8me de secours en Suisse. Il est apparu assez rapidement qu\u2019une illustration de l\u2019\u00e9tat actuel du syst\u00e8me<br \/>\nde secours en Suisse ainsi que nos visions n\u2019\u00e9taient pas suffisantes pour cela. Nous appartenons toutes et tous au syst\u00e8me de secours \u2013 et seules nos visions \u00e0 tou-te-s peuvent permettre de fixer et donc d\u2019atteindre de nouveaux objectifs.<\/p>\n<p>C\u2019est pourquoi nous vous disons MERCI. Merci d\u2019avoir partag\u00e9 avec nous, dans le cadre de la r\u00e9union du r\u00e9seau, vos r\u00e9flexions, vos souhaits et les t\u00e2ches que l\u2019IAS devrait selon vous assumer.<\/p>\n<p>Dans le <a href=\"https:\/\/www.144.ch\/wp-content\/uploads\/2023\/11\/Visionen-entlang-der-Rettungskette_FR.pdf\" rel=\"noopener\" target=\"_blank\">r\u00e9sum\u00e9<\/a> suivante, nous pr\u00e9sentons les visions\/objectifs g\u00e9n\u00e9raux re\u00e7us, ainsi que les t\u00e2ches concr\u00e8tes \u00e0 accomplir par l\u2019IAS.<\/p>\n","protected":false},"excerpt":{"rendered":"<p>Les membres du Comit\u00e9 IAS ont commenc\u00e9 \u00e0 travailler sur une conception du syst\u00e8me de secours en Suisse. Il est apparu assez rapidement qu\u2019une illustration de l\u2019\u00e9tat actuel du syst\u00e8me de secours en Suisse ainsi que nos visions n\u2019\u00e9taient pas suffisantes pour cela. Nous appartenons toutes et tous au syst\u00e8me de secours \u2013 et seules [&hellip;]<\/p>\n","protected":false},"author":8,"featured_media":29898,"comment_status":"closed","ping_status":"closed","sticky":false,"template":"","format":"standard","meta":{"_acf_changed":false,"_seopress_robots_primary_cat":"none","_seopress_titles_title":"","_seopress_titles_desc":"","_seopress_robots_index":"","footnotes":""},"categories":[65],"tags":[],"post_folder":[],"class_list":["post-37854","post","type-post","status-publish","format-standard","has-post-thumbnail","hentry","category-news"],"acf":[],"_links":{"self":[{"href":"https:\/\/www.144.ch\/fr\/wp-json\/wp\/v2\/posts\/37854","targetHints":{"allow":["GET"]}}],"collection":[{"href":"https:\/\/www.144.ch\/fr\/wp-json\/wp\/v2\/posts"}],"about":[{"href":"https:\/\/www.144.ch\/fr\/wp-json\/wp\/v2\/types\/post"}],"author":[{"embeddable":true,"href":"https:\/\/www.144.ch\/fr\/wp-json\/wp\/v2\/users\/8"}],"replies":[{"embeddable":true,"href":"https:\/\/www.144.ch\/fr\/wp-json\/wp\/v2\/comments?post=37854"}],"version-history":[{"count":4,"href":"https:\/\/www.144.ch\/fr\/wp-json\/wp\/v2\/posts\/37854\/revisions"}],"predecessor-version":[{"id":37868,"href":"https:\/\/www.144.ch\/fr\/wp-json\/wp\/v2\/posts\/37854\/revisions\/37868"}],"wp:featuredmedia":[{"embeddable":true,"href":"https:\/\/www.144.ch\/fr\/wp-json\/wp\/v2\/media\/29898"}],"wp:attachment":[{"href":"https:\/\/www.144.ch\/fr\/wp-json\/wp\/v2\/media?parent=37854"}],"wp:term":[{"taxonomy":"category","embeddable":true,"href":"https:\/\/www.144.ch\/fr\/wp-json\/wp\/v2\/categories?post=37854"},{"taxonomy":"post_tag","embeddable":true,"href":"https:\/\/www.144.ch\/fr\/wp-json\/wp\/v2\/tags?post=37854"},{"taxonomy":"post_folder","embeddable":true,"href":"https:\/\/www.144.ch\/fr\/wp-json\/wp\/v2\/post_folder?post=37854"}],"curies":[{"name":"wp","href":"https:\/\/api.w.org\/{rel}","templated":true}]}}