{"id":34009,"date":"2023-03-23T14:54:10","date_gmt":"2023-03-23T13:54:10","guid":{"rendered":"https:\/\/www.ivr-ias.ch\/beschluss-ueber-die-zuordnung-der-behandlung-von-schwerverletzten-zur-hochspezialisierten-medizin-hsm\/"},"modified":"2023-03-23T14:57:51","modified_gmt":"2023-03-23T13:57:51","slug":"beschluss-ueber-die-zuordnung-der-behandlung-von-schwerverletzten-zur-hochspezialisierten-medizin-hsm","status":"publish","type":"post","link":"https:\/\/www.144.ch\/fr\/beschluss-ueber-die-zuordnung-der-behandlung-von-schwerverletzten-zur-hochspezialisierten-medizin-hsm\/","title":{"rendered":"D\u00e9cision concernant le rattachement du traitement des bless\u00e9s graves \u00e0 la m\u00e9decine hautement sp\u00e9cialis\u00e9e (MHS)"},"content":{"rendered":"<p>L\u2019organe de d\u00e9cision de la Convention intercantonale relative \u00e0 la m\u00e9decine hautement sp\u00e9cialis\u00e9e (organe de d\u00e9cision MHS), apr\u00e8s examen de la proposition de l\u2019organe scientifique MHS lors de sa s\u00e9ance du 9 mars 2023, en application de l\u2019art. 39, al. 2bis, de la loi f\u00e9d\u00e9rale du 18 mars 1994 sur l\u2019assurance-maladie (LAMal; RS 832.10) et de l\u2019art. 3, al. 3 \u00e0 5, de la Convention intercantonale relative \u00e0 la m\u00e9decine hautement sp\u00e9cialis\u00e9e (CIMHS), d\u00e9cide :<\/p>\n<p><strong>Le traitement des bless\u00e9s graves est rattach\u00e9 \u00e0 la m\u00e9decine hautement sp\u00e9cialis\u00e9e.<\/strong><\/p>\n<p>Liste des h\u00f4pitaux m\u00e9decine hautement sp\u00e9cialis\u00e9e: <a href=\"https:\/\/www.gdk-cds.ch\/fr\/medecine-hautement-specialisee\/liste-des-hopitaux-medecine-hautement-specialisee\" target=\"_blank\" rel=\"noopener\">ici<\/a><\/p>\n<h1 class=\"heading__content--main\"><\/h1>\n<p>&nbsp;<\/p>\n","protected":false},"excerpt":{"rendered":"<p>L\u2019organe de d\u00e9cision de la Convention intercantonale relative \u00e0 la m\u00e9decine hautement sp\u00e9cialis\u00e9e (organe de d\u00e9cision MHS), apr\u00e8s examen de la proposition de l\u2019organe scientifique MHS lors de sa s\u00e9ance du 9 mars 2023, en application de l\u2019art. 39, al. 2bis, de la loi f\u00e9d\u00e9rale du 18 mars 1994 sur l\u2019assurance-maladie (LAMal; RS 832.10) et [&hellip;]<\/p>\n","protected":false},"author":8,"featured_media":26222,"comment_status":"closed","ping_status":"closed","sticky":false,"template":"","format":"standard","meta":{"_acf_changed":false,"_seopress_robots_primary_cat":"none","_seopress_titles_title":"","_seopress_titles_desc":"","_seopress_robots_index":"","footnotes":""},"categories":[65],"tags":[],"post_folder":[],"class_list":["post-34009","post","type-post","status-publish","format-standard","has-post-thumbnail","hentry","category-news"],"acf":[],"_links":{"self":[{"href":"https:\/\/www.144.ch\/fr\/wp-json\/wp\/v2\/posts\/34009","targetHints":{"allow":["GET"]}}],"collection":[{"href":"https:\/\/www.144.ch\/fr\/wp-json\/wp\/v2\/posts"}],"about":[{"href":"https:\/\/www.144.ch\/fr\/wp-json\/wp\/v2\/types\/post"}],"author":[{"embeddable":true,"href":"https:\/\/www.144.ch\/fr\/wp-json\/wp\/v2\/users\/8"}],"replies":[{"embeddable":true,"href":"https:\/\/www.144.ch\/fr\/wp-json\/wp\/v2\/comments?post=34009"}],"version-history":[{"count":1,"href":"https:\/\/www.144.ch\/fr\/wp-json\/wp\/v2\/posts\/34009\/revisions"}],"predecessor-version":[{"id":34013,"href":"https:\/\/www.144.ch\/fr\/wp-json\/wp\/v2\/posts\/34009\/revisions\/34013"}],"wp:featuredmedia":[{"embeddable":true,"href":"https:\/\/www.144.ch\/fr\/wp-json\/wp\/v2\/media\/26222"}],"wp:attachment":[{"href":"https:\/\/www.144.ch\/fr\/wp-json\/wp\/v2\/media?parent=34009"}],"wp:term":[{"taxonomy":"category","embeddable":true,"href":"https:\/\/www.144.ch\/fr\/wp-json\/wp\/v2\/categories?post=34009"},{"taxonomy":"post_tag","embeddable":true,"href":"https:\/\/www.144.ch\/fr\/wp-json\/wp\/v2\/tags?post=34009"},{"taxonomy":"post_folder","embeddable":true,"href":"https:\/\/www.144.ch\/fr\/wp-json\/wp\/v2\/post_folder?post=34009"}],"curies":[{"name":"wp","href":"https:\/\/api.w.org\/{rel}","templated":true}]}}