{"id":31130,"date":"2022-07-01T15:22:27","date_gmt":"2022-07-01T13:22:27","guid":{"rendered":"https:\/\/ivr-ias.aretiswebseiten.ch\/ausschreibung-ambulanzbasis-fiesch\/"},"modified":"2022-07-01T15:46:55","modified_gmt":"2022-07-01T13:46:55","slug":"ausschreibung-ambulanzbasis-fiesch","status":"publish","type":"post","link":"https:\/\/www.144.ch\/fr\/ausschreibung-ambulanzbasis-fiesch\/","title":{"rendered":"APPEL D\u2019OFFRES BASE D\u2019AMBULANCES \u00c0 FIESCH"},"content":{"rendered":"<p>L\u2019Organisation Cantonale Valaisanne des Secours publie un appel d\u2019offres pour l\u2019exploitation d\u2019une base d\u2019ambulance (jour\/nuit) \u00e0 Fiesch, suite \u00e0 la d\u00e9cision du Conseil d\u2019Etat du 22 juin 2022 (cf. communiqu\u00e9 de presse ci-joint).<br \/>\nVous \u00eates un prestataire qui pourrait \u00e9ventuellement fournir les prestations requises conform\u00e9ment \u00e0 l&rsquo;art. 5, al. 1, let. e, LOSS. Vous trouverez ci-dessous toutes les informations relatives \u00e0 l&rsquo;appel d&rsquo;offres.<\/p>\n<p><a href=\"https:\/\/ivr-ias.aretiswebseiten.ch\/wp-content\/uploads\/2022\/07\/2022-06-30_Appel-doffres_IAS_ASA_F.pdf\" target=\"_blank\" rel=\"noopener\">appel d&rsquo;offres OCVS<\/a><\/p>\n<p><a href=\"https:\/\/ivr-ias.aretiswebseiten.ch\/wp-content\/uploads\/2022\/07\/2022-06-23-Com-Planification-ambulances.pdf\" target=\"_blank\" rel=\"noopener\">Planification OCVS<\/a><\/p>\n","protected":false},"excerpt":{"rendered":"<p>L\u2019Organisation Cantonale Valaisanne des Secours publie un appel d\u2019offres pour l\u2019exploitation d\u2019une base d\u2019ambulance (jour\/nuit) \u00e0 Fiesch, suite \u00e0 la d\u00e9cision du Conseil d\u2019Etat du 22 juin 2022 (cf. communiqu\u00e9 de presse ci-joint). Vous \u00eates un prestataire qui pourrait \u00e9ventuellement fournir les prestations requises conform\u00e9ment \u00e0 l&rsquo;art. 5, al. 1, let. e, LOSS. Vous trouverez [&hellip;]<\/p>\n","protected":false},"author":8,"featured_media":26222,"comment_status":"closed","ping_status":"open","sticky":false,"template":"","format":"standard","meta":{"_acf_changed":false,"_seopress_robots_primary_cat":"none","_seopress_titles_title":"","_seopress_titles_desc":"","_seopress_robots_index":"","footnotes":""},"categories":[65],"tags":[],"post_folder":[],"class_list":["post-31130","post","type-post","status-publish","format-standard","has-post-thumbnail","hentry","category-news"],"acf":[],"_links":{"self":[{"href":"https:\/\/www.144.ch\/fr\/wp-json\/wp\/v2\/posts\/31130","targetHints":{"allow":["GET"]}}],"collection":[{"href":"https:\/\/www.144.ch\/fr\/wp-json\/wp\/v2\/posts"}],"about":[{"href":"https:\/\/www.144.ch\/fr\/wp-json\/wp\/v2\/types\/post"}],"author":[{"embeddable":true,"href":"https:\/\/www.144.ch\/fr\/wp-json\/wp\/v2\/users\/8"}],"replies":[{"embeddable":true,"href":"https:\/\/www.144.ch\/fr\/wp-json\/wp\/v2\/comments?post=31130"}],"version-history":[{"count":0,"href":"https:\/\/www.144.ch\/fr\/wp-json\/wp\/v2\/posts\/31130\/revisions"}],"wp:featuredmedia":[{"embeddable":true,"href":"https:\/\/www.144.ch\/fr\/wp-json\/wp\/v2\/media\/26222"}],"wp:attachment":[{"href":"https:\/\/www.144.ch\/fr\/wp-json\/wp\/v2\/media?parent=31130"}],"wp:term":[{"taxonomy":"category","embeddable":true,"href":"https:\/\/www.144.ch\/fr\/wp-json\/wp\/v2\/categories?post=31130"},{"taxonomy":"post_tag","embeddable":true,"href":"https:\/\/www.144.ch\/fr\/wp-json\/wp\/v2\/tags?post=31130"},{"taxonomy":"post_folder","embeddable":true,"href":"https:\/\/www.144.ch\/fr\/wp-json\/wp\/v2\/post_folder?post=31130"}],"curies":[{"name":"wp","href":"https:\/\/api.w.org\/{rel}","templated":true}]}}